[{"@context":"https:\/\/schema.org\/","@type":"Article","@id":"https:\/\/www.toxio.cz\/lyzovaci-areal\/#Article","mainEntityOfPage":"https:\/\/www.toxio.cz\/lyzovaci-areal\/","headline":"Ly\u017eovac\u00ed are\u00e1l","name":"Ly\u017eovac\u00ed are\u00e1l","description":"Nast\u00e1v\u00e1 u\u017e zimn\u00ed takov\u00e9 studen\u00e9 obdob\u00ed, tak je logick\u00e9, \u017ee restaura\u010dn\u00ed zahr\u00e1dky a dal\u0161\u00ed podobn\u00e1 m\u00edsta, kde se venku sdru\u017euj\u00ed lidi, se budou zav\u00edrat. A &hellip; ","datePublished":"2022-09-07","dateModified":"2023-06-14","author":{"@type":"Person","@id":"https:\/\/www.toxio.cz\/author\/#Person","name":"","url":"https:\/\/www.toxio.cz\/author\/","identifier":1,"image":{"@type":"ImageObject","@id":"https:\/\/secure.gravatar.com\/avatar\/91b1fc57487c55a66a7777af0dd690bf69c571b4a9b15cda0db8854a78b7888c?s=96&d=mm&r=g","url":"https:\/\/secure.gravatar.com\/avatar\/91b1fc57487c55a66a7777af0dd690bf69c571b4a9b15cda0db8854a78b7888c?s=96&d=mm&r=g","height":96,"width":96}},"publisher":{"@type":"Organization","name":"toxio.cz","logo":{"@type":"ImageObject","@id":"\/logo.png","url":"\/logo.png","width":600,"height":60}},"image":{"@type":"ImageObject","@id":"https:\/\/www.toxio.cz\/wp-content\/uploads\/trees-2098408_960_720.jpg","url":"https:\/\/www.toxio.cz\/wp-content\/uploads\/trees-2098408_960_720.jpg","height":0,"width":0},"url":"https:\/\/www.toxio.cz\/lyzovaci-areal\/","about":["Firmy"],"wordCount":481,"articleBody":"   Nast\u00e1v\u00e1 u\u017e zimn\u00ed takov\u00e9 studen\u00e9 obdob\u00ed, tak je logick\u00e9, \u017ee restaura\u010dn\u00ed zahr\u00e1dky a dal\u0161\u00ed podobn\u00e1 m\u00edsta, kde se venku sdru\u017euj\u00ed lidi, se budou zav\u00edrat. A j\u00e1 tohle v\u017edycky skoro obre\u010d\u00edm. Proto\u017ee m\u00e1m r\u00e1da posezen\u00ed venku. Nem\u00e1m r\u00e1da, kdy\u017e mus\u00edm sed\u011bt v n\u011bjak\u00e9 restauraci, kde je vyd\u00fdch\u00e1no a sotva se tam d\u00fdch\u00e1. M\u00e1m r\u00e1da sv\u011b\u017e\u00ed atmosf\u00e9ru, kter\u00e1 je jedin\u011b t\u0159eba n\u011bkdy v \u010dervencov\u00e9m podve\u010deru na zahr\u00e1dce restaurace anebo n\u011bjak\u00e9ho baru. A v\u00e1s taky jist\u011b bav\u00ed, \u017ee ano? Mysl\u00edm si, \u017ee pr\u00e1v\u011b takov\u00fd letn\u00ed provoz je tak\u00e9 pro majitele restaurac\u00ed a bar\u016f nebo r\u016fzn\u00fdch hospod nejv\u00fdnosn\u011bj\u0161\u00ed.A to nemluv\u00edm t\u0159eba o letn\u00edm provozu  https:\/\/www.koop.cz\/pojisteni\/pojisteni-prumysl\/preruseni-provozu na ly\u017eovac\u00edm are\u00e1lu na Bukovce, kde je opravdu n\u00e1dhern\u011b. Taky jsem tam poznala mnoho lid\u00ed, proto\u017ee ve skiare\u00e1lu je moc kr\u00e1sn\u011b. Proto\u017ee kdy\u017e to tak vezmu, tak t\u0159eba u n\u00e1s za letn\u00edho provozu se u rybn\u00edka d\u011bl\u00e1 tolik oslava tolik akc\u00ed, \u017ee si mysl\u00edm, \u017ee norm\u00e1ln\u00ed podnikatel by tolik pen\u011bz nevid\u011bl za cel\u00fd rok. Proto\u017ee tady m\u00e1me jedno velk\u00e9 restaura\u010dn\u00ed za\u0159\u00edzen\u00ed U Rybn\u00edka. Tak\u017ee si jist\u011b dok\u00e1\u017eete p\u0159edstavit, \u017ee v l\u00e9t\u011b tam chod\u00ed hodn\u011b lid\u00ed se koupat.Tam se v\u016fbec nevyb\u00edr\u00e1 vstupn\u00e9, tak\u017ee to koupali\u0161t\u011b je opravdu pln\u00e9. A kdy\u017e je ten letn\u00ed provoz, tak si ten majitel restaura\u010dn\u00edho za\u0159\u00edzen\u00ed p\u0159ijde opravdu na velik\u00e9 pen\u00edze. Jednou jsem tam byla na brig\u00e1d\u011b, zastupovala jsem na t\u00fdden jednu pan\u00ed. A mus\u00edm \u0159\u00edct, \u017ee to tam bylo v letn\u00edm za\u0159\u00edzen\u00ed opravdu slo\u017eit\u00e9 a taky n\u00e1ro\u010dn\u00e9. Opravdu jsem se tam nezastavila. Po cel\u00e9m t\u00fddnu jsem z toho byla tak unaven\u00e1, \u017ee jsem si pak musela vz\u00edt dva dny oddych, abych se zrelaxovala. Tak jsme si \u0159ekla, \u017ee nap\u0159\u00edklad na skiare\u00e1lu na Bukovce to taky mus\u00ed b\u00fdt po\u0159\u00e1dn\u00fd z\u00e1p\u0159ah a provozovatel\u00e9 mus\u00ed b\u00fdt snad nesmrteln\u00ed, \u017ee to v\u0161ichni zvl\u00e1daj\u00ed. Tak\u017ee kdy\u017e u\u017e n\u011bkde v\u00edm, \u017ee maj\u00ed n\u011bkde letn\u00ed provoz, tak taky o\u010dek\u00e1v\u00e1m to, \u017ee tam bude opravdu hodn\u011b lid\u00ed a velk\u00fd n\u00e1val. Ale na druhou stranu je to zase prima, proto\u017ee se tam nikdy jako z\u00e1kazn\u00edk nudit nebudete, proto\u017ee tam v\u017edycky potk\u00e1te n\u011bkoho, koho zn\u00e1te. tedy alespo\u0148 j\u00e1 tam nikdy nejsme sama. A nez\u00e1le\u017e\u00ed, jestli jste u rybn\u00edka nebo v ly\u017eovac\u00edm are\u00e1lu. Proto\u017ee letn\u00ed provoz Skibukovka bude v\u0161ude perfektn\u00ed.                                                                                                                                                                                                                                                                                                                                                                                          4.4\/5 - (7 votes)        "},{"@context":"https:\/\/schema.org\/","@type":"BreadcrumbList","itemListElement":[{"@type":"ListItem","position":1,"name":"Ly\u017eovac\u00ed are\u00e1l","item":"https:\/\/www.toxio.cz\/lyzovaci-areal\/#breadcrumbitem"}]}]